{"id":98,"date":"2023-12-01T19:54:58","date_gmt":"2023-12-01T19:54:58","guid":{"rendered":"https:\/\/atgalimokykla.lt\/?p=98"},"modified":"2024-01-28T20:51:01","modified_gmt":"2024-01-28T20:51:01","slug":"atgal-i-mokykla-su-stasiu-kirdeikiu-utenos-adolfo-sapokos-ir-utenos-rajono-uzpaliu-gimnazijos","status":"publish","type":"post","link":"https:\/\/atgalimokykla.lt\/index.php\/2023\/12\/01\/atgal-i-mokykla-su-stasiu-kirdeikiu-utenos-adolfo-sapokos-ir-utenos-rajono-uzpaliu-gimnazijos\/","title":{"rendered":"Atgal \u012f mokykl\u0105 su Stasiu Kirdeikiu, Utenos Adolfo \u0160apokos ir Utenos rajono U\u017epali\u0173 gimnazijos"},"content":{"rendered":"<p>\u0160iame epizode si\u016blau gr\u012f\u017eti atgal \u012f mokykl\u0105 su Stasiu Kirdeikiu, kuris dirba fizikos mokytoju Utenos Adolfo \u0160apokos ir Utenos rajono U\u017epali\u0173 gimnazijose. Stasys pasakoja savo \u012fsp\u016bd\u017eius apie mokytojo dar\u0105, rutin\u0105, poils\u012f, s\u0117kmes darbe bei dalijasi ateities \u012f\u017evalgomis apie mokytojo profesij\u0105.<\/p><figure class=\"wp-block-embed is-type-wp-embed is-provider-anchor-fm-inc wp-block-embed-anchor-fm-inc\"><div class=\"wp-block-embed__wrapper\">\n<iframe loading=\"lazy\" class=\"wp-embedded-content\" sandbox=\"allow-scripts\" security=\"restricted\" title=\"Atgal \u012f mokykl\u0105 \u2013 Stasys Kirdeikis, Utenos Adolfo \u0160apokos ir Utenos r. U\u017epali\u0173 gimnazijos by Atgal \u012f mokykl\u0105\" src=\"https:\/\/anchor.fm\/povilas-klrius\/embed\/episodes\/Atgal--mokykl--Stasys-Kirdeikis--Utenos-Adolfo-apokos-ir-Utenos-r--Upali-gimnazijos-e2f24o7#?secret=mmD9y0wqeT\" data-secret=\"mmD9y0wqeT\" height=\"102px\" width=\"400px\" frameborder=\"0\" scrolling=\"no\"><\/iframe>\n<\/div><\/figure><figure class=\"wp-block-embed is-type-video is-provider-youtube wp-block-embed-youtube wp-embed-aspect-16-9 wp-has-aspect-ratio\"><div class=\"wp-block-embed__wrapper\">\nhttps:\/\/youtu.be\/KhYnStP7-JM\n<\/div><\/figure><p>Tinklalaid\u0117s k\u016brim\u0105 remia Lietuvos kult\u016bros taryba.<\/p>","protected":false},"excerpt":{"rendered":"<p>\u0160iame epizode si\u016blau gr\u012f\u017eti atgal \u012f mokykl\u0105 su Stasiu Kirdeikiu, kuris dirba fizikos mokytoju Utenos Adolfo \u0160apokos ir Utenos rajono U\u017epali\u0173 gimnazijose. Stasys pasakoja savo \u012fsp\u016bd\u017eius apie mokytojo dar\u0105, rutin\u0105, poils\u012f, s\u0117kmes darbe bei dalijasi ateities \u012f\u017evalgomis apie mokytojo profesij\u0105. Tinklalaid\u0117s k\u016brim\u0105 remia Lietuvos kult\u016bros taryba.<\/p>\n","protected":false},"author":1,"featured_media":106,"comment_status":"open","ping_status":"open","sticky":false,"template":"","format":"standard","meta":{"footnotes":""},"categories":[2],"tags":[40,41,42,38,11,39],"class_list":["post-98","post","type-post","status-publish","format-standard","has-post-thumbnail","hentry","category-tinklalaide","tag-fizika","tag-fizikos-mokytoja","tag-fizikos-mokytojas","tag-stasys-kirdeikis","tag-utenos-adolfo-sapokos-gimnazija","tag-utenos-rajono-uzpaliu-gimnazija"],"_links":{"self":[{"href":"https:\/\/atgalimokykla.lt\/index.php\/wp-json\/wp\/v2\/posts\/98","targetHints":{"allow":["GET"]}}],"collection":[{"href":"https:\/\/atgalimokykla.lt\/index.php\/wp-json\/wp\/v2\/posts"}],"about":[{"href":"https:\/\/atgalimokykla.lt\/index.php\/wp-json\/wp\/v2\/types\/post"}],"author":[{"embeddable":true,"href":"https:\/\/atgalimokykla.lt\/index.php\/wp-json\/wp\/v2\/users\/1"}],"replies":[{"embeddable":true,"href":"https:\/\/atgalimokykla.lt\/index.php\/wp-json\/wp\/v2\/comments?post=98"}],"version-history":[{"count":2,"href":"https:\/\/atgalimokykla.lt\/index.php\/wp-json\/wp\/v2\/posts\/98\/revisions"}],"predecessor-version":[{"id":102,"href":"https:\/\/atgalimokykla.lt\/index.php\/wp-json\/wp\/v2\/posts\/98\/revisions\/102"}],"wp:featuredmedia":[{"embeddable":true,"href":"https:\/\/atgalimokykla.lt\/index.php\/wp-json\/wp\/v2\/media\/106"}],"wp:attachment":[{"href":"https:\/\/atgalimokykla.lt\/index.php\/wp-json\/wp\/v2\/media?parent=98"}],"wp:term":[{"taxonomy":"category","embeddable":true,"href":"https:\/\/atgalimokykla.lt\/index.php\/wp-json\/wp\/v2\/categories?post=98"},{"taxonomy":"post_tag","embeddable":true,"href":"https:\/\/atgalimokykla.lt\/index.php\/wp-json\/wp\/v2\/tags?post=98"}],"curies":[{"name":"wp","href":"https:\/\/api.w.org\/{rel}","templated":true}]}}