{"id":93,"date":"2023-11-20T19:26:00","date_gmt":"2023-11-20T19:26:00","guid":{"rendered":"https:\/\/atgalimokykla.lt\/?p=93"},"modified":"2024-01-31T17:59:24","modified_gmt":"2024-01-31T17:59:24","slug":"atgal-i-mokykla-su-deimante-jankunaite-kauno-stepono-dariaus-ir-stasio-gireno-gimnazija","status":"publish","type":"post","link":"https:\/\/atgalimokykla.lt\/index.php\/2023\/11\/20\/atgal-i-mokykla-su-deimante-jankunaite-kauno-stepono-dariaus-ir-stasio-gireno-gimnazija\/","title":{"rendered":"Atgal \u012f mokykl\u0105 su Deimante Jank\u016bnaite, Kauno Stepono Dariaus ir Stasio Gir\u0117no gimnazija"},"content":{"rendered":"<p>\u0160io epizodo centre \u2013 Deimant\u0117 Jank\u016bnait\u0117, Kauno Stepono Dariaus ir Stasio Gir\u0117no gimnazijoje dirbanti direktoriaus pavaduotoja ugdymui bei ekonomikos ir verslumo mokytoja. Kvie\u010diu klausytis Deimant\u0117s pasakojimo apie savo keli\u0105 \u012f \u0161vietim\u0105, \u012f\u017evalg\u0173 apie darb\u0105 su mokiniais, mokytojo profesij\u0105 ir kasdienyb\u0119.<\/p><figure class=\"wp-block-embed is-type-wp-embed is-provider-anchor-fm-inc wp-block-embed-anchor-fm-inc\"><div class=\"wp-block-embed__wrapper\">\n<iframe loading=\"lazy\" class=\"wp-embedded-content\" sandbox=\"allow-scripts\" security=\"restricted\" title=\"Atgal \u012f mokykl\u0105 \u2013 Deimant\u0117 Jank\u016bnait\u0117, Kauno Stepono Dariaus ir Stasio Gir\u0117no gimnazija by Atgal \u012f mokykl\u0105\" src=\"https:\/\/anchor.fm\/povilas-klrius\/embed\/episodes\/Atgal--mokykl--Deimant-Janknait--Kauno-Stepono-Dariaus-ir-Stasio-Girno-gimnazija-e2f23pq#?secret=mpov7OzXA2\" data-secret=\"mpov7OzXA2\" height=\"102px\" width=\"400px\" frameborder=\"0\" scrolling=\"no\"><\/iframe>\n<\/div><\/figure><figure class=\"wp-block-embed is-type-video is-provider-youtube wp-block-embed-youtube wp-embed-aspect-16-9 wp-has-aspect-ratio\"><div class=\"wp-block-embed__wrapper\">\n<iframe loading=\"lazy\" title=\"Atgal \u012f mokykl\u0105 \u2013 Deimant\u0117 Jank\u016bnait\u0117, Kauno Stepono Dariaus ir Stasio Gir\u0117no gimnazija\" width=\"980\" height=\"551\" src=\"https:\/\/www.youtube.com\/embed\/iMzCU-VvyQs?feature=oembed\" frameborder=\"0\" allow=\"accelerometer; autoplay; clipboard-write; encrypted-media; gyroscope; picture-in-picture; web-share\" referrerpolicy=\"strict-origin-when-cross-origin\" allowfullscreen><\/iframe>\n<\/div><\/figure><p>Tinklalaid\u0117s k\u016brim\u0105 remia Lietuvos kult\u016bros taryba.<\/p>","protected":false},"excerpt":{"rendered":"<p>\u0160io epizodo centre \u2013 Deimant\u0117 Jank\u016bnait\u0117, Kauno Stepono Dariaus ir Stasio Gir\u0117no gimnazijoje dirbanti direktoriaus pavaduotoja ugdymui bei ekonomikos ir verslumo mokytoja. Kvie\u010diu klausytis Deimant\u0117s pasakojimo apie savo keli\u0105 \u012f \u0161vietim\u0105, \u012f\u017evalg\u0173 apie darb\u0105 su mokiniais, mokytojo profesij\u0105 ir kasdienyb\u0119. Tinklalaid\u0117s k\u016brim\u0105 remia Lietuvos kult\u016bros taryba.<\/p>\n","protected":false},"author":1,"featured_media":110,"comment_status":"open","ping_status":"open","sticky":false,"template":"","format":"standard","meta":{"footnotes":""},"categories":[2],"tags":[31,34,32,33],"class_list":["post-93","post","type-post","status-publish","format-standard","has-post-thumbnail","hentry","category-tinklalaide","tag-deimante-jankunaite","tag-kauno-stepono-dariaus-ir-stasio-gireno-gimnazija","tag-mokytojos-profesija","tag-pedagogo-profesija"],"_links":{"self":[{"href":"https:\/\/atgalimokykla.lt\/index.php\/wp-json\/wp\/v2\/posts\/93","targetHints":{"allow":["GET"]}}],"collection":[{"href":"https:\/\/atgalimokykla.lt\/index.php\/wp-json\/wp\/v2\/posts"}],"about":[{"href":"https:\/\/atgalimokykla.lt\/index.php\/wp-json\/wp\/v2\/types\/post"}],"author":[{"embeddable":true,"href":"https:\/\/atgalimokykla.lt\/index.php\/wp-json\/wp\/v2\/users\/1"}],"replies":[{"embeddable":true,"href":"https:\/\/atgalimokykla.lt\/index.php\/wp-json\/wp\/v2\/comments?post=93"}],"version-history":[{"count":2,"href":"https:\/\/atgalimokykla.lt\/index.php\/wp-json\/wp\/v2\/posts\/93\/revisions"}],"predecessor-version":[{"id":97,"href":"https:\/\/atgalimokykla.lt\/index.php\/wp-json\/wp\/v2\/posts\/93\/revisions\/97"}],"wp:featuredmedia":[{"embeddable":true,"href":"https:\/\/atgalimokykla.lt\/index.php\/wp-json\/wp\/v2\/media\/110"}],"wp:attachment":[{"href":"https:\/\/atgalimokykla.lt\/index.php\/wp-json\/wp\/v2\/media?parent=93"}],"wp:term":[{"taxonomy":"category","embeddable":true,"href":"https:\/\/atgalimokykla.lt\/index.php\/wp-json\/wp\/v2\/categories?post=93"},{"taxonomy":"post_tag","embeddable":true,"href":"https:\/\/atgalimokykla.lt\/index.php\/wp-json\/wp\/v2\/tags?post=93"}],"curies":[{"name":"wp","href":"https:\/\/api.w.org\/{rel}","templated":true}]}}