{"id":84,"date":"2023-11-14T18:07:00","date_gmt":"2023-11-14T18:07:00","guid":{"rendered":"https:\/\/atgalimokykla.lt\/?p=84"},"modified":"2024-01-21T18:15:31","modified_gmt":"2024-01-21T18:15:31","slug":"atgal-i-mokykla-su-deimante-simonaviciute-misko-mokykla-klaipedoje","status":"publish","type":"post","link":"https:\/\/atgalimokykla.lt\/index.php\/2023\/11\/14\/atgal-i-mokykla-su-deimante-simonaviciute-misko-mokykla-klaipedoje\/","title":{"rendered":"Atgal \u012f mokykl\u0105 su Deimante Simonavi\u010di\u016bte, Mi\u0161ko mokykla Klaip\u0117doje"},"content":{"rendered":"<blockquote class=\"wp-block-quote is-layout-flow wp-block-quote-is-layout-flow\"><p>Atrodo, kad pagrindinis dalykas, k\u0105 a\u0161 gavau mokykloje, buvo pasiruo\u0161imas egzaminams, bet artimesnio ry\u0161io su mokytojais, \u017emogi\u0161kumo pritr\u016bko. Tai galb\u016bt tai, ko man tr\u016bko, galvojau, kad gal\u0117siu suteikti vaikams.<\/p><cite>Apie sprendim\u0105 tapti mokytoja sako Deimant\u0117 Simonavi\u010di\u016bt\u0117.<\/cite><\/blockquote><p>\u0160iandien tinklalaid\u0117s centre \u2013 mokytoja Deimant\u0117 Simonavi\u010di\u016bt\u0117. Ji i\u0161band\u0117 savo j\u0117gas kaip istorijos ir pilieti\u0161kumo pagrind\u0173 mokytoja vienoje Klaip\u0117dos gimnazijoje, bet v\u0117liau nusprend\u0117 dirbti su pradinukais. \u0160iuo metu Deimant\u0117 dirba Mi\u0161ko mokykloje, veikian\u010dioje Klaip\u0117doje, Giruliuose. Apie Mi\u0161ko mokykl\u0105, savo patirtis mokykloje bei skirtumus tarp darbo su paaugliais ir pradinukais papasakos pati Deimant\u0117.<\/p><figure class=\"wp-block-embed is-type-wp-embed is-provider-anchor-fm-inc wp-block-embed-anchor-fm-inc\"><div class=\"wp-block-embed__wrapper\">\n<iframe loading=\"lazy\" class=\"wp-embedded-content\" sandbox=\"allow-scripts\" security=\"restricted\" title=\"Atgal \u012f mokykl\u0105 \u2013 Deimant\u0117 Simonavi\u010di\u016bt\u0117, Mi\u0161ko mokykla Klaip\u0117doje by Atgal \u012f mokykl\u0105\" src=\"https:\/\/anchor.fm\/povilas-klrius\/embed\/episodes\/Atgal--mokykl--Deimant-Simonaviit--Miko-mokykla-Klaipdoje-e2eo679#?secret=EE7r4VnNRI\" data-secret=\"EE7r4VnNRI\" height=\"102px\" width=\"400px\" frameborder=\"0\" scrolling=\"no\"><\/iframe>\n<\/div><\/figure><figure class=\"wp-block-embed is-type-video is-provider-youtube wp-block-embed-youtube wp-embed-aspect-16-9 wp-has-aspect-ratio\"><div class=\"wp-block-embed__wrapper\">\n<iframe loading=\"lazy\" title=\"Atgal \u012f mokykl\u0105 \u2013 Deimant\u0117 Simonavi\u010di\u016bt\u0117, Mi\u0161ko mokykla, Klaip\u0117da\" width=\"980\" height=\"551\" src=\"https:\/\/www.youtube.com\/embed\/ipmtycdo8Ds?feature=oembed\" frameborder=\"0\" allow=\"accelerometer; autoplay; clipboard-write; encrypted-media; gyroscope; picture-in-picture; web-share\" referrerpolicy=\"strict-origin-when-cross-origin\" allowfullscreen><\/iframe>\n<\/div><\/figure><p>Tinklalaid\u0117s k\u016brim\u0105 remia Lietuvos kult\u016bros taryba.<\/p>","protected":false},"excerpt":{"rendered":"<p>Atrodo, kad pagrindinis dalykas, k\u0105 a\u0161 gavau mokykloje, buvo pasiruo\u0161imas egzaminams, bet artimesnio ry\u0161io su mokytojais, \u017emogi\u0161kumo pritr\u016bko. Tai galb\u016bt tai, ko man tr\u016bko, galvojau, kad gal\u0117siu suteikti vaikams. Apie sprendim\u0105 tapti mokytoja sako Deimant\u0117 Simonavi\u010di\u016bt\u0117. \u0160iandien tinklalaid\u0117s centre \u2013 mokytoja Deimant\u0117 Simonavi\u010di\u016bt\u0117. Ji i\u0161band\u0117 savo j\u0117gas kaip istorijos ir pilieti\u0161kumo pagrind\u0173 mokytoja vienoje Klaip\u0117dos [&hellip;]<\/p>\n","protected":false},"author":1,"featured_media":85,"comment_status":"open","ping_status":"open","sticky":false,"template":"","format":"standard","meta":{"footnotes":""},"categories":[2],"tags":[21,20,22],"class_list":["post-84","post","type-post","status-publish","format-standard","has-post-thumbnail","hentry","category-tinklalaide","tag-deimante-simonaviciute","tag-misko-mokykla","tag-renkuosi-mokyti"],"_links":{"self":[{"href":"https:\/\/atgalimokykla.lt\/index.php\/wp-json\/wp\/v2\/posts\/84","targetHints":{"allow":["GET"]}}],"collection":[{"href":"https:\/\/atgalimokykla.lt\/index.php\/wp-json\/wp\/v2\/posts"}],"about":[{"href":"https:\/\/atgalimokykla.lt\/index.php\/wp-json\/wp\/v2\/types\/post"}],"author":[{"embeddable":true,"href":"https:\/\/atgalimokykla.lt\/index.php\/wp-json\/wp\/v2\/users\/1"}],"replies":[{"embeddable":true,"href":"https:\/\/atgalimokykla.lt\/index.php\/wp-json\/wp\/v2\/comments?post=84"}],"version-history":[{"count":1,"href":"https:\/\/atgalimokykla.lt\/index.php\/wp-json\/wp\/v2\/posts\/84\/revisions"}],"predecessor-version":[{"id":86,"href":"https:\/\/atgalimokykla.lt\/index.php\/wp-json\/wp\/v2\/posts\/84\/revisions\/86"}],"wp:featuredmedia":[{"embeddable":true,"href":"https:\/\/atgalimokykla.lt\/index.php\/wp-json\/wp\/v2\/media\/85"}],"wp:attachment":[{"href":"https:\/\/atgalimokykla.lt\/index.php\/wp-json\/wp\/v2\/media?parent=84"}],"wp:term":[{"taxonomy":"category","embeddable":true,"href":"https:\/\/atgalimokykla.lt\/index.php\/wp-json\/wp\/v2\/categories?post=84"},{"taxonomy":"post_tag","embeddable":true,"href":"https:\/\/atgalimokykla.lt\/index.php\/wp-json\/wp\/v2\/tags?post=84"}],"curies":[{"name":"wp","href":"https:\/\/api.w.org\/{rel}","templated":true}]}}