{"id":60,"date":"2023-12-21T15:38:33","date_gmt":"2023-12-21T15:38:33","guid":{"rendered":"https:\/\/atgalimokykla.lt\/?p=60"},"modified":"2024-01-28T19:42:08","modified_gmt":"2024-01-28T19:42:08","slug":"atgal-i-mokykla-su-nijole-keraitiene-ignalinos-raj-didziasalio-ryto-gimnazija","status":"publish","type":"post","link":"https:\/\/atgalimokykla.lt\/index.php\/2023\/12\/21\/atgal-i-mokykla-su-nijole-keraitiene-ignalinos-raj-didziasalio-ryto-gimnazija\/","title":{"rendered":"Atgal \u012f mokykl\u0105 su Nijole Keraitiene, Ignalinos raj. Did\u017eiasalio \u201eRyto\u201c gimnazija"},"content":{"rendered":"<blockquote class=\"wp-block-quote is-layout-flow wp-block-quote-is-layout-flow\"><p>Nor\u0117\u010diau palink\u0117t kantryb\u0117s, nes jos daugiausiai reikia. Kantryb\u0117s ir empatijos. \u017dinios sensta, u\u017esimir\u0161ta, kei\u010diasi, o kantryb\u0117 padeda i\u0161likti \u017emogumi. Jeigu kartais ir labai noris ka\u017ek\u0105 pasakyti, kantryb\u0117 padeda prik\u0105sti lie\u017euv\u012f \u2013 o to labai reikia.<\/p><cite>Nijol\u0117s Keraitien\u0117s palink\u0117jimas kitoms Lietuvos mokytojoms ir mokytojams.<\/cite><\/blockquote><p>Nijol\u0117 Keraitien\u0117 \u2013 ne\u012ftik\u0117tinai daug patirties sukaupusi lietuvi\u0173 kalbos ir literat\u016bros mokytoja, dirbanti Ignalinos raj. Did\u017eiasalio \u201eRyto\u201c gimnazijoje, kuri, kaip ji pati sako, yra labiausiai \u012f rytus nutolusi Lietuvos mokykla.<\/p><p>Nijol\u0117 dalijasi savo prisiminimais apie mokykl\u0105, mokytojavimo prad\u017ei\u0105, sutiktus svarbiausius mokytojus ir mokytojas, taip pat apm\u0105sto pilieti\u0161kumo svarb\u0105 mokyklos bendruomen\u0117je bei pasakoja apie kiek kitoki\u0105 mokini\u0173, gyvenan\u010di\u0173 Lietuvos periferijoje, realyb\u0119.<\/p><figure class=\"wp-block-embed is-type-rich is-provider-spotify wp-block-embed-spotify wp-embed-aspect-21-9 wp-has-aspect-ratio\"><div class=\"wp-block-embed__wrapper\">\n<iframe title=\"Spotify Embed: Atgal \u012f mokykl\u0105 \u2013 Nijol\u0117 Keraitien\u0117, Ignalinos raj. Did\u017eiasalio \u201eRyto\u201c gimnazija\" style=\"border-radius: 12px\" width=\"100%\" height=\"152\" frameborder=\"0\" allowfullscreen allow=\"autoplay; clipboard-write; encrypted-media; fullscreen; picture-in-picture\" loading=\"lazy\" src=\"https:\/\/open.spotify.com\/embed\/episode\/0I0h17LfW4f9nVIFsYPoDN?si=a5901d9978054f68&#038;utm_source=oembed\"><\/iframe>\n<\/div><\/figure><figure class=\"wp-block-embed is-type-video is-provider-youtube wp-block-embed-youtube wp-embed-aspect-16-9 wp-has-aspect-ratio\"><div class=\"wp-block-embed__wrapper\">\n<iframe loading=\"lazy\" title=\"Atgal \u012f mokykl\u0105 \u2013 Nijol\u0117 Keraitien\u0117, Ignalinos raj. Did\u017eiasalio \u201eRyto\u201c gimnazija\" width=\"980\" height=\"551\" src=\"https:\/\/www.youtube.com\/embed\/65By2Z46SiQ?feature=oembed\" frameborder=\"0\" allow=\"accelerometer; autoplay; clipboard-write; encrypted-media; gyroscope; picture-in-picture; web-share\" referrerpolicy=\"strict-origin-when-cross-origin\" allowfullscreen><\/iframe>\n<\/div><\/figure><p>Tinklalaid\u0117s k\u016brim\u0105 remia Lietuvos kult\u016bros taryba.<\/p>","protected":false},"excerpt":{"rendered":"<p>Nor\u0117\u010diau palink\u0117t kantryb\u0117s, nes jos daugiausiai reikia. Kantryb\u0117s ir empatijos. \u017dinios sensta, u\u017esimir\u0161ta, kei\u010diasi, o kantryb\u0117 padeda i\u0161likti \u017emogumi. Jeigu kartais ir labai noris ka\u017ek\u0105 pasakyti, kantryb\u0117 padeda prik\u0105sti lie\u017euv\u012f \u2013 o to labai reikia. Nijol\u0117s Keraitien\u0117s palink\u0117jimas kitoms Lietuvos mokytojoms ir mokytojams. Nijol\u0117 Keraitien\u0117 \u2013 ne\u012ftik\u0117tinai daug patirties sukaupusi lietuvi\u0173 kalbos ir literat\u016bros mokytoja, [&hellip;]<\/p>\n","protected":false},"author":1,"featured_media":61,"comment_status":"open","ping_status":"open","sticky":false,"template":"","format":"standard","meta":{"footnotes":""},"categories":[2],"tags":[37,29,32,36],"class_list":["post-60","post","type-post","status-publish","format-standard","has-post-thumbnail","hentry","category-tinklalaide","tag-ignalinos-raj-didziasalio-ryto-gimnazija","tag-lietuviu-kalbos-mokytoja","tag-mokytojos-profesija","tag-nijole-keraitiene"],"_links":{"self":[{"href":"https:\/\/atgalimokykla.lt\/index.php\/wp-json\/wp\/v2\/posts\/60","targetHints":{"allow":["GET"]}}],"collection":[{"href":"https:\/\/atgalimokykla.lt\/index.php\/wp-json\/wp\/v2\/posts"}],"about":[{"href":"https:\/\/atgalimokykla.lt\/index.php\/wp-json\/wp\/v2\/types\/post"}],"author":[{"embeddable":true,"href":"https:\/\/atgalimokykla.lt\/index.php\/wp-json\/wp\/v2\/users\/1"}],"replies":[{"embeddable":true,"href":"https:\/\/atgalimokykla.lt\/index.php\/wp-json\/wp\/v2\/comments?post=60"}],"version-history":[{"count":4,"href":"https:\/\/atgalimokykla.lt\/index.php\/wp-json\/wp\/v2\/posts\/60\/revisions"}],"predecessor-version":[{"id":79,"href":"https:\/\/atgalimokykla.lt\/index.php\/wp-json\/wp\/v2\/posts\/60\/revisions\/79"}],"wp:featuredmedia":[{"embeddable":true,"href":"https:\/\/atgalimokykla.lt\/index.php\/wp-json\/wp\/v2\/media\/61"}],"wp:attachment":[{"href":"https:\/\/atgalimokykla.lt\/index.php\/wp-json\/wp\/v2\/media?parent=60"}],"wp:term":[{"taxonomy":"category","embeddable":true,"href":"https:\/\/atgalimokykla.lt\/index.php\/wp-json\/wp\/v2\/categories?post=60"},{"taxonomy":"post_tag","embeddable":true,"href":"https:\/\/atgalimokykla.lt\/index.php\/wp-json\/wp\/v2\/tags?post=60"}],"curies":[{"name":"wp","href":"https:\/\/api.w.org\/{rel}","templated":true}]}}