{"id":49,"date":"2023-11-26T19:38:55","date_gmt":"2023-11-26T19:38:55","guid":{"rendered":"https:\/\/atgalimokykla.lt\/?p=49"},"modified":"2024-01-13T13:31:52","modified_gmt":"2024-01-13T13:31:52","slug":"atgal-i-mokykla-su-ausra-juodvalke-anyksciu-jono-biliuno-gimnazija","status":"publish","type":"post","link":"https:\/\/atgalimokykla.lt\/index.php\/2023\/11\/26\/atgal-i-mokykla-su-ausra-juodvalke-anyksciu-jono-biliuno-gimnazija\/","title":{"rendered":"Atgal \u012f mokykl\u0105 su Au\u0161ra Juodvalke, Anyk\u0161\u010di\u0173 Jono Bili\u016bno gimnazija"},"content":{"rendered":"<blockquote class=\"wp-block-quote is-layout-flow wp-block-quote-is-layout-flow\"><p>Reikia daug i\u0161minties mokytojui, kad i\u0161laikyt\u0173 t\u0105 pagarb\u0105 paaugliams. Tai yra i\u0161\u0161\u016bkis. Man pa\u010diai buv\u0119 ne kart\u0105 i\u0161\u0161\u016bkis galvoti pagarbiai apie t\u0105 mokin\u012f, kuris nuolatos, atrodo, specialiai trukdo pamok\u0105 \u2013 ir man, ir visiems aplinkui.<\/p><cite>Au\u0161ra Juodvalk\u0117 apie tai, kokiomis savyb\u0117mis turi pasi\u017eym\u0117ti mokytojos ir mokytojai.<\/cite><\/blockquote><p>Au\u0161ra Juodvalk\u0117 \u2013 pradedanti mokytoja, mokanti socialinio-emocinio ugdymo Anyk\u0161\u010di\u0173 Jono Bili\u016bno gimnazijoje. Pasakojimo metu Au\u0161ra pasakoja apie tai, kod\u0117l nusprend\u0117 prad\u0117ti dirbti mokykloje, kokie buvo jos pirmieji metai ir kod\u0117l reikalingas socialinis-emocinis ugdymas.<\/p><figure class=\"wp-block-embed is-type-rich is-provider-spotify wp-block-embed-spotify wp-embed-aspect-21-9 wp-has-aspect-ratio\"><div class=\"wp-block-embed__wrapper\">\n<iframe title=\"Spotify Embed: Atgal \u012f mokykl\u0105\" style=\"border-radius: 12px\" width=\"100%\" height=\"152\" frameborder=\"0\" allowfullscreen allow=\"autoplay; clipboard-write; encrypted-media; fullscreen; picture-in-picture\" loading=\"lazy\" src=\"https:\/\/open.spotify.com\/embed\/show\/1wtoq20rSpjRkFsx0DAjNt?utm_source=oembed\"><\/iframe>\n<\/div><\/figure><figure class=\"wp-block-embed is-type-video is-provider-youtube wp-block-embed-youtube wp-embed-aspect-16-9 wp-has-aspect-ratio\"><div class=\"wp-block-embed__wrapper\">\n<iframe loading=\"lazy\" title=\"Atgal \u012f mokykl\u0105 \u2013 Au\u0161ra Juodvalk\u0117, Anyk\u0161\u010di\u0173 Jono Bili\u016bno gimnazija\" width=\"980\" height=\"551\" src=\"https:\/\/www.youtube.com\/embed\/DHmLMeH5Se4?feature=oembed\" frameborder=\"0\" allow=\"accelerometer; autoplay; clipboard-write; encrypted-media; gyroscope; picture-in-picture; web-share\" referrerpolicy=\"strict-origin-when-cross-origin\" allowfullscreen><\/iframe>\n<\/div><\/figure><p>Tinklalaid\u0117s k\u016brim\u0105 remia Lietuvos kult\u016bros taryba.<\/p>","protected":false},"excerpt":{"rendered":"<p>Reikia daug i\u0161minties mokytojui, kad i\u0161laikyt\u0173 t\u0105 pagarb\u0105 paaugliams. Tai yra i\u0161\u0161\u016bkis. Man pa\u010diai buv\u0119 ne kart\u0105 i\u0161\u0161\u016bkis galvoti pagarbiai apie t\u0105 mokin\u012f, kuris nuolatos, atrodo, specialiai trukdo pamok\u0105 \u2013 ir man, ir visiems aplinkui. Au\u0161ra Juodvalk\u0117 apie tai, kokiomis savyb\u0117mis turi pasi\u017eym\u0117ti mokytojos ir mokytojai. Au\u0161ra Juodvalk\u0117 \u2013 pradedanti mokytoja, mokanti socialinio-emocinio ugdymo Anyk\u0161\u010di\u0173 [&hellip;]<\/p>\n","protected":false},"author":1,"featured_media":50,"comment_status":"open","ping_status":"open","sticky":false,"template":"","format":"standard","meta":{"footnotes":""},"categories":[2],"tags":[13,15,14,12],"class_list":["post-49","post","type-post","status-publish","format-standard","has-post-thumbnail","hentry","category-tinklalaide","tag-anyksciu-jono-biliuno-gimnazija","tag-mokytojo-profesija","tag-pedagoge","tag-socialinis-emocinis-ugdymas"],"_links":{"self":[{"href":"https:\/\/atgalimokykla.lt\/index.php\/wp-json\/wp\/v2\/posts\/49","targetHints":{"allow":["GET"]}}],"collection":[{"href":"https:\/\/atgalimokykla.lt\/index.php\/wp-json\/wp\/v2\/posts"}],"about":[{"href":"https:\/\/atgalimokykla.lt\/index.php\/wp-json\/wp\/v2\/types\/post"}],"author":[{"embeddable":true,"href":"https:\/\/atgalimokykla.lt\/index.php\/wp-json\/wp\/v2\/users\/1"}],"replies":[{"embeddable":true,"href":"https:\/\/atgalimokykla.lt\/index.php\/wp-json\/wp\/v2\/comments?post=49"}],"version-history":[{"count":4,"href":"https:\/\/atgalimokykla.lt\/index.php\/wp-json\/wp\/v2\/posts\/49\/revisions"}],"predecessor-version":[{"id":80,"href":"https:\/\/atgalimokykla.lt\/index.php\/wp-json\/wp\/v2\/posts\/49\/revisions\/80"}],"wp:featuredmedia":[{"embeddable":true,"href":"https:\/\/atgalimokykla.lt\/index.php\/wp-json\/wp\/v2\/media\/50"}],"wp:attachment":[{"href":"https:\/\/atgalimokykla.lt\/index.php\/wp-json\/wp\/v2\/media?parent=49"}],"wp:term":[{"taxonomy":"category","embeddable":true,"href":"https:\/\/atgalimokykla.lt\/index.php\/wp-json\/wp\/v2\/categories?post=49"},{"taxonomy":"post_tag","embeddable":true,"href":"https:\/\/atgalimokykla.lt\/index.php\/wp-json\/wp\/v2\/tags?post=49"}],"curies":[{"name":"wp","href":"https:\/\/api.w.org\/{rel}","templated":true}]}}