{"id":100,"date":"2023-12-22T19:56:00","date_gmt":"2023-12-22T19:56:00","guid":{"rendered":"https:\/\/atgalimokykla.lt\/?p=100"},"modified":"2024-01-30T14:07:39","modified_gmt":"2024-01-30T14:07:39","slug":"atgal-i-mokykla-su-andrija-petkeviciute-alytaus-adolfo-ramanausko-vanago-gimnazija","status":"publish","type":"post","link":"https:\/\/atgalimokykla.lt\/index.php\/2023\/12\/22\/atgal-i-mokykla-su-andrija-petkeviciute-alytaus-adolfo-ramanausko-vanago-gimnazija\/","title":{"rendered":"Atgal \u012f mokykl\u0105 su Andrija Petkevi\u010di\u016bte, Alytaus Adolfo Ramanausko-Vanago gimnazija"},"content":{"rendered":"<p>\u0160io epizodo centre \u2013 Andrija Petkevi\u010di\u016bt\u0117. Gyvenusi Alytuje ir ten baigusi Alytaus Adolfo Ramanausko-Vanago gimnazij\u0105, Andrija i\u0161keliavo studijuoti ir dirbti \u012f Jungtin\u0119 Karalyst\u0119. Ta\u010diau covid 19 pandemijos metu sugr\u012f\u017eusi \u012f Alyt\u0173 netik\u0117tai sulauk\u0117 kvietimo sugr\u012f\u017eti atgal \u012f savo mokykl\u0105, ta\u010diau \u0161\u012fkart \u2013 kaip mokytoja.<\/p><p>Kvie\u010diu klausytis Andrijos Petkevi\u010di\u016bt\u0117s istorijos apie jos kelion\u0119 atgal \u012f mokykl\u0105.<\/p><figure class=\"wp-block-embed is-type-wp-embed is-provider-anchor-fm-inc wp-block-embed-anchor-fm-inc\"><div class=\"wp-block-embed__wrapper\">\n<iframe loading=\"lazy\" class=\"wp-embedded-content\" sandbox=\"allow-scripts\" security=\"restricted\" title=\"Atgal \u012f mokykl\u0105 \u2013 Andrija Petkevi\u010di\u016bt\u0117, Alytaus Adolfo Ramanausko-Vanago gimnazija by Atgal \u012f mokykl\u0105\" src=\"https:\/\/anchor.fm\/povilas-klrius\/embed\/episodes\/Atgal--mokykl--Andrija-Petkeviit--Alytaus-Adolfo-Ramanausko-Vanago-gimnazija-e2f255e#?secret=yR7gIrCtN6\" data-secret=\"yR7gIrCtN6\" height=\"102px\" width=\"400px\" frameborder=\"0\" scrolling=\"no\"><\/iframe>\n<\/div><\/figure><figure class=\"wp-block-embed is-type-video is-provider-youtube wp-block-embed-youtube wp-embed-aspect-16-9 wp-has-aspect-ratio\"><div class=\"wp-block-embed__wrapper\">\n<iframe loading=\"lazy\" title=\"Atgal \u012f mokykl\u0105 \u2013 Andrija Petkevi\u010di\u016bt\u0117, Alytaus Adolfo Ramanausko-Vanago gimnazija\" width=\"980\" height=\"551\" src=\"https:\/\/www.youtube.com\/embed\/Z4RHp0xoIbk?feature=oembed\" frameborder=\"0\" allow=\"accelerometer; autoplay; clipboard-write; encrypted-media; gyroscope; picture-in-picture; web-share\" referrerpolicy=\"strict-origin-when-cross-origin\" allowfullscreen><\/iframe>\n<\/div><\/figure><p>Tinklalaid\u0117s k\u016brim\u0105 remia Lietuvos kult\u016bros taryba.<\/p>","protected":false},"excerpt":{"rendered":"<p>\u0160io epizodo centre \u2013 Andrija Petkevi\u010di\u016bt\u0117. Gyvenusi Alytuje ir ten baigusi Alytaus Adolfo Ramanausko-Vanago gimnazij\u0105, Andrija i\u0161keliavo studijuoti ir dirbti \u012f Jungtin\u0119 Karalyst\u0119. Ta\u010diau covid 19 pandemijos metu sugr\u012f\u017eusi \u012f Alyt\u0173 netik\u0117tai sulauk\u0117 kvietimo sugr\u012f\u017eti atgal \u012f savo mokykl\u0105, ta\u010diau \u0161\u012fkart \u2013 kaip mokytoja. Kvie\u010diu klausytis Andrijos Petkevi\u010di\u016bt\u0117s istorijos apie jos kelion\u0119 atgal \u012f mokykl\u0105. [&hellip;]<\/p>\n","protected":false},"author":1,"featured_media":109,"comment_status":"open","ping_status":"open","sticky":false,"template":"","format":"standard","meta":{"footnotes":""},"categories":[2],"tags":[44,48,43,49,45,46,47],"class_list":["post-100","post","type-post","status-publish","format-standard","has-post-thumbnail","hentry","category-tinklalaide","tag-alytaus-adolfo-ramanausko-vanago-gimnazija","tag-alytaus-jurgio-kuncino-viesoji-biblioteka","tag-andrija-petkeviciute","tag-bibliotekininke","tag-fotografijos-burelis","tag-kino-burelis","tag-mokykla"],"_links":{"self":[{"href":"https:\/\/atgalimokykla.lt\/index.php\/wp-json\/wp\/v2\/posts\/100","targetHints":{"allow":["GET"]}}],"collection":[{"href":"https:\/\/atgalimokykla.lt\/index.php\/wp-json\/wp\/v2\/posts"}],"about":[{"href":"https:\/\/atgalimokykla.lt\/index.php\/wp-json\/wp\/v2\/types\/post"}],"author":[{"embeddable":true,"href":"https:\/\/atgalimokykla.lt\/index.php\/wp-json\/wp\/v2\/users\/1"}],"replies":[{"embeddable":true,"href":"https:\/\/atgalimokykla.lt\/index.php\/wp-json\/wp\/v2\/comments?post=100"}],"version-history":[{"count":2,"href":"https:\/\/atgalimokykla.lt\/index.php\/wp-json\/wp\/v2\/posts\/100\/revisions"}],"predecessor-version":[{"id":103,"href":"https:\/\/atgalimokykla.lt\/index.php\/wp-json\/wp\/v2\/posts\/100\/revisions\/103"}],"wp:featuredmedia":[{"embeddable":true,"href":"https:\/\/atgalimokykla.lt\/index.php\/wp-json\/wp\/v2\/media\/109"}],"wp:attachment":[{"href":"https:\/\/atgalimokykla.lt\/index.php\/wp-json\/wp\/v2\/media?parent=100"}],"wp:term":[{"taxonomy":"category","embeddable":true,"href":"https:\/\/atgalimokykla.lt\/index.php\/wp-json\/wp\/v2\/categories?post=100"},{"taxonomy":"post_tag","embeddable":true,"href":"https:\/\/atgalimokykla.lt\/index.php\/wp-json\/wp\/v2\/tags?post=100"}],"curies":[{"name":"wp","href":"https:\/\/api.w.org\/{rel}","templated":true}]}}